{"id":1210,"date":"2026-05-03T10:55:07","date_gmt":"2026-05-03T09:55:07","guid":{"rendered":"https:\/\/gipuzkoamt.com\/es\/?p=1210"},"modified":"2026-05-03T10:55:07","modified_gmt":"2026-05-03T09:55:07","slug":"el-tenis-de-mesa-vuelve-a-estar-presente-en-las-fiestas-de-larreaundi","status":"publish","type":"post","link":"https:\/\/gipuzkoamt.com\/es\/el-tenis-de-mesa-vuelve-a-estar-presente-en-las-fiestas-de-larreaundi\/","title":{"rendered":"El tenis de mesa vuelve a estar presente en las fiestas de Larreaundi"},"content":{"rendered":"<div style=\"margin-top: 0px; margin-bottom: 0px;\" class=\"sharethis-inline-share-buttons\" ><\/div><p>Un a\u00f1o m\u00e1s, nuestro deporte volvi\u00f3 a estar presente en las fiesta del barrio de Larreaundi de Irun. La actividad, en la que pudieron participar personas de todas las edades, estuvo dinamizada por dos monitores del club Leka Enea.<\/p>\n","protected":false},"excerpt":{"rendered":"<p>Un a\u00f1o m\u00e1s, nuestro deporte volvi\u00f3 a estar presente en las fiesta del barrio de Larreaundi de Irun. La actividad, en la que pudieron participar [&#8230;]<\/p>\n","protected":false},"author":2,"featured_media":1211,"comment_status":"closed","ping_status":"closed","sticky":false,"template":"","format":"standard","meta":{"footnotes":""},"categories":[18],"tags":[19],"class_list":["post-1210","post","type-post","status-publish","format-standard","has-post-thumbnail","hentry","category-deporte-recreativo","tag-2025-2026"],"yoast_head":"<!-- This site is optimized with the Yoast SEO plugin v27.5 - https:\/\/yoast.com\/product\/yoast-seo-wordpress\/ -->\n<title>El tenis de mesa vuelve a estar presente en las fiestas de Larreaundi &#8211; GMTF<\/title>\n<meta name=\"robots\" content=\"index, follow, max-snippet:-1, max-image-preview:large, max-video-preview:-1\" \/>\n<link rel=\"canonical\" href=\"https:\/\/gipuzkoamt.com\/es\/el-tenis-de-mesa-vuelve-a-estar-presente-en-las-fiestas-de-larreaundi\/\" \/>\n<meta property=\"og:locale\" content=\"es_ES\" \/>\n<meta property=\"og:type\" content=\"article\" \/>\n<meta property=\"og:title\" content=\"El tenis de mesa vuelve a estar presente en las fiestas de Larreaundi &#8211; GMTF\" \/>\n<meta property=\"og:description\" content=\"Un a\u00f1o m\u00e1s, nuestro deporte volvi\u00f3 a estar presente en las fiesta del barrio de Larreaundi de Irun. La actividad, en la que pudieron participar [...]\" \/>\n<meta property=\"og:url\" content=\"https:\/\/gipuzkoamt.com\/es\/el-tenis-de-mesa-vuelve-a-estar-presente-en-las-fiestas-de-larreaundi\/\" \/>\n<meta property=\"og:site_name\" content=\"GMTF\" \/>\n<meta property=\"article:published_time\" content=\"2026-05-03T09:55:07+00:00\" \/>\n<meta property=\"og:image\" content=\"https:\/\/gipuzkoamt.com\/es\/wp-content\/uploads\/2026\/05\/PHOTO-2026-05-01-20-33-34.jpg\" \/>\n\t<meta property=\"og:image:width\" content=\"1600\" \/>\n\t<meta property=\"og:image:height\" content=\"1036\" \/>\n\t<meta property=\"og:image:type\" content=\"image\/jpeg\" \/>\n<meta name=\"author\" content=\"GMTF\" \/>\n<meta name=\"twitter:card\" content=\"summary_large_image\" \/>\n<meta name=\"twitter:label1\" content=\"Escrito por\" \/>\n\t<meta name=\"twitter:data1\" content=\"GMTF\" \/>\n\t<meta name=\"twitter:label2\" content=\"Tiempo de lectura\" \/>\n\t<meta name=\"twitter:data2\" content=\"1 minuto\" \/>\n<script type=\"application\/ld+json\" class=\"yoast-schema-graph\">{\"@context\":\"https:\\\/\\\/schema.org\",\"@graph\":[{\"@type\":\"Article\",\"@id\":\"https:\\\/\\\/gipuzkoamt.com\\\/es\\\/el-tenis-de-mesa-vuelve-a-estar-presente-en-las-fiestas-de-larreaundi\\\/#article\",\"isPartOf\":{\"@id\":\"https:\\\/\\\/gipuzkoamt.com\\\/es\\\/el-tenis-de-mesa-vuelve-a-estar-presente-en-las-fiestas-de-larreaundi\\\/\"},\"author\":{\"name\":\"GMTF\",\"@id\":\"https:\\\/\\\/gipuzkoamt.com\\\/es\\\/#\\\/schema\\\/person\\\/4981fb0092f29c6e6d67415533a5efb5\"},\"headline\":\"El tenis de mesa vuelve a estar presente en las fiestas de Larreaundi\",\"datePublished\":\"2026-05-03T09:55:07+00:00\",\"mainEntityOfPage\":{\"@id\":\"https:\\\/\\\/gipuzkoamt.com\\\/es\\\/el-tenis-de-mesa-vuelve-a-estar-presente-en-las-fiestas-de-larreaundi\\\/\"},\"wordCount\":54,\"publisher\":{\"@id\":\"https:\\\/\\\/gipuzkoamt.com\\\/es\\\/#organization\"},\"image\":{\"@id\":\"https:\\\/\\\/gipuzkoamt.com\\\/es\\\/el-tenis-de-mesa-vuelve-a-estar-presente-en-las-fiestas-de-larreaundi\\\/#primaryimage\"},\"thumbnailUrl\":\"https:\\\/\\\/gipuzkoamt.com\\\/es\\\/wp-content\\\/uploads\\\/2026\\\/05\\\/PHOTO-2026-05-01-20-33-34.jpg\",\"keywords\":[\"2025\\\/2026\"],\"articleSection\":[\"Deporte recreativo\"],\"inLanguage\":\"es\"},{\"@type\":\"WebPage\",\"@id\":\"https:\\\/\\\/gipuzkoamt.com\\\/es\\\/el-tenis-de-mesa-vuelve-a-estar-presente-en-las-fiestas-de-larreaundi\\\/\",\"url\":\"https:\\\/\\\/gipuzkoamt.com\\\/es\\\/el-tenis-de-mesa-vuelve-a-estar-presente-en-las-fiestas-de-larreaundi\\\/\",\"name\":\"El tenis de mesa vuelve a estar presente en las fiestas de Larreaundi &#8211; GMTF\",\"isPartOf\":{\"@id\":\"https:\\\/\\\/gipuzkoamt.com\\\/es\\\/#website\"},\"primaryImageOfPage\":{\"@id\":\"https:\\\/\\\/gipuzkoamt.com\\\/es\\\/el-tenis-de-mesa-vuelve-a-estar-presente-en-las-fiestas-de-larreaundi\\\/#primaryimage\"},\"image\":{\"@id\":\"https:\\\/\\\/gipuzkoamt.com\\\/es\\\/el-tenis-de-mesa-vuelve-a-estar-presente-en-las-fiestas-de-larreaundi\\\/#primaryimage\"},\"thumbnailUrl\":\"https:\\\/\\\/gipuzkoamt.com\\\/es\\\/wp-content\\\/uploads\\\/2026\\\/05\\\/PHOTO-2026-05-01-20-33-34.jpg\",\"datePublished\":\"2026-05-03T09:55:07+00:00\",\"breadcrumb\":{\"@id\":\"https:\\\/\\\/gipuzkoamt.com\\\/es\\\/el-tenis-de-mesa-vuelve-a-estar-presente-en-las-fiestas-de-larreaundi\\\/#breadcrumb\"},\"inLanguage\":\"es\",\"potentialAction\":[{\"@type\":\"ReadAction\",\"target\":[\"https:\\\/\\\/gipuzkoamt.com\\\/es\\\/el-tenis-de-mesa-vuelve-a-estar-presente-en-las-fiestas-de-larreaundi\\\/\"]}]},{\"@type\":\"ImageObject\",\"inLanguage\":\"es\",\"@id\":\"https:\\\/\\\/gipuzkoamt.com\\\/es\\\/el-tenis-de-mesa-vuelve-a-estar-presente-en-las-fiestas-de-larreaundi\\\/#primaryimage\",\"url\":\"https:\\\/\\\/gipuzkoamt.com\\\/es\\\/wp-content\\\/uploads\\\/2026\\\/05\\\/PHOTO-2026-05-01-20-33-34.jpg\",\"contentUrl\":\"https:\\\/\\\/gipuzkoamt.com\\\/es\\\/wp-content\\\/uploads\\\/2026\\\/05\\\/PHOTO-2026-05-01-20-33-34.jpg\",\"width\":1600,\"height\":1036},{\"@type\":\"BreadcrumbList\",\"@id\":\"https:\\\/\\\/gipuzkoamt.com\\\/es\\\/el-tenis-de-mesa-vuelve-a-estar-presente-en-las-fiestas-de-larreaundi\\\/#breadcrumb\",\"itemListElement\":[{\"@type\":\"ListItem\",\"position\":1,\"name\":\"Home\",\"item\":\"https:\\\/\\\/gipuzkoamt.com\\\/es\\\/\"},{\"@type\":\"ListItem\",\"position\":2,\"name\":\"El tenis de mesa vuelve a estar presente en las fiestas de Larreaundi\"}]},{\"@type\":\"WebSite\",\"@id\":\"https:\\\/\\\/gipuzkoamt.com\\\/es\\\/#website\",\"url\":\"https:\\\/\\\/gipuzkoamt.com\\\/es\\\/\",\"name\":\"GMTF\",\"description\":\"Gipuzkoako Mahai Tenis Federazioa\",\"publisher\":{\"@id\":\"https:\\\/\\\/gipuzkoamt.com\\\/es\\\/#organization\"},\"potentialAction\":[{\"@type\":\"SearchAction\",\"target\":{\"@type\":\"EntryPoint\",\"urlTemplate\":\"https:\\\/\\\/gipuzkoamt.com\\\/es\\\/?s={search_term_string}\"},\"query-input\":{\"@type\":\"PropertyValueSpecification\",\"valueRequired\":true,\"valueName\":\"search_term_string\"}}],\"inLanguage\":\"es\"},{\"@type\":\"Organization\",\"@id\":\"https:\\\/\\\/gipuzkoamt.com\\\/es\\\/#organization\",\"name\":\"Federaci\u00f3n Guipuzcoana de Tenis de Mesa\",\"url\":\"https:\\\/\\\/gipuzkoamt.com\\\/es\\\/\",\"logo\":{\"@type\":\"ImageObject\",\"inLanguage\":\"es\",\"@id\":\"https:\\\/\\\/gipuzkoamt.com\\\/es\\\/#\\\/schema\\\/logo\\\/image\\\/\",\"url\":\"https:\\\/\\\/gipuzkoamt.com\\\/es\\\/wp-content\\\/uploads\\\/2024\\\/12\\\/Favicon.png\",\"contentUrl\":\"https:\\\/\\\/gipuzkoamt.com\\\/es\\\/wp-content\\\/uploads\\\/2024\\\/12\\\/Favicon.png\",\"width\":250,\"height\":250,\"caption\":\"Federaci\u00f3n Guipuzcoana de Tenis de Mesa\"},\"image\":{\"@id\":\"https:\\\/\\\/gipuzkoamt.com\\\/es\\\/#\\\/schema\\\/logo\\\/image\\\/\"}},{\"@type\":\"Person\",\"@id\":\"https:\\\/\\\/gipuzkoamt.com\\\/es\\\/#\\\/schema\\\/person\\\/4981fb0092f29c6e6d67415533a5efb5\",\"name\":\"GMTF\",\"image\":{\"@type\":\"ImageObject\",\"inLanguage\":\"es\",\"@id\":\"https:\\\/\\\/secure.gravatar.com\\\/avatar\\\/fd45090163cfe4bdd821a95f5a980d9ecce258ad443f04f547b3ec95c4dfb9ab?s=96&d=mm&r=g\",\"url\":\"https:\\\/\\\/secure.gravatar.com\\\/avatar\\\/fd45090163cfe4bdd821a95f5a980d9ecce258ad443f04f547b3ec95c4dfb9ab?s=96&d=mm&r=g\",\"contentUrl\":\"https:\\\/\\\/secure.gravatar.com\\\/avatar\\\/fd45090163cfe4bdd821a95f5a980d9ecce258ad443f04f547b3ec95c4dfb9ab?s=96&d=mm&r=g\",\"caption\":\"GMTF\"},\"url\":\"https:\\\/\\\/gipuzkoamt.com\\\/es\\\/author\\\/fgtm\\\/\"}]}<\/script>\n<!-- \/ Yoast SEO plugin. -->","yoast_head_json":{"title":"El tenis de mesa vuelve a estar presente en las fiestas de Larreaundi &#8211; GMTF","robots":{"index":"index","follow":"follow","max-snippet":"max-snippet:-1","max-image-preview":"max-image-preview:large","max-video-preview":"max-video-preview:-1"},"canonical":"https:\/\/gipuzkoamt.com\/es\/el-tenis-de-mesa-vuelve-a-estar-presente-en-las-fiestas-de-larreaundi\/","og_locale":"es_ES","og_type":"article","og_title":"El tenis de mesa vuelve a estar presente en las fiestas de Larreaundi &#8211; GMTF","og_description":"Un a\u00f1o m\u00e1s, nuestro deporte volvi\u00f3 a estar presente en las fiesta del barrio de Larreaundi de Irun. La actividad, en la que pudieron participar [...]","og_url":"https:\/\/gipuzkoamt.com\/es\/el-tenis-de-mesa-vuelve-a-estar-presente-en-las-fiestas-de-larreaundi\/","og_site_name":"GMTF","article_published_time":"2026-05-03T09:55:07+00:00","og_image":[{"width":1600,"height":1036,"url":"https:\/\/gipuzkoamt.com\/es\/wp-content\/uploads\/2026\/05\/PHOTO-2026-05-01-20-33-34.jpg","type":"image\/jpeg"}],"author":"GMTF","twitter_card":"summary_large_image","twitter_misc":{"Escrito por":"GMTF","Tiempo de lectura":"1 minuto"},"schema":{"@context":"https:\/\/schema.org","@graph":[{"@type":"Article","@id":"https:\/\/gipuzkoamt.com\/es\/el-tenis-de-mesa-vuelve-a-estar-presente-en-las-fiestas-de-larreaundi\/#article","isPartOf":{"@id":"https:\/\/gipuzkoamt.com\/es\/el-tenis-de-mesa-vuelve-a-estar-presente-en-las-fiestas-de-larreaundi\/"},"author":{"name":"GMTF","@id":"https:\/\/gipuzkoamt.com\/es\/#\/schema\/person\/4981fb0092f29c6e6d67415533a5efb5"},"headline":"El tenis de mesa vuelve a estar presente en las fiestas de Larreaundi","datePublished":"2026-05-03T09:55:07+00:00","mainEntityOfPage":{"@id":"https:\/\/gipuzkoamt.com\/es\/el-tenis-de-mesa-vuelve-a-estar-presente-en-las-fiestas-de-larreaundi\/"},"wordCount":54,"publisher":{"@id":"https:\/\/gipuzkoamt.com\/es\/#organization"},"image":{"@id":"https:\/\/gipuzkoamt.com\/es\/el-tenis-de-mesa-vuelve-a-estar-presente-en-las-fiestas-de-larreaundi\/#primaryimage"},"thumbnailUrl":"https:\/\/gipuzkoamt.com\/es\/wp-content\/uploads\/2026\/05\/PHOTO-2026-05-01-20-33-34.jpg","keywords":["2025\/2026"],"articleSection":["Deporte recreativo"],"inLanguage":"es"},{"@type":"WebPage","@id":"https:\/\/gipuzkoamt.com\/es\/el-tenis-de-mesa-vuelve-a-estar-presente-en-las-fiestas-de-larreaundi\/","url":"https:\/\/gipuzkoamt.com\/es\/el-tenis-de-mesa-vuelve-a-estar-presente-en-las-fiestas-de-larreaundi\/","name":"El tenis de mesa vuelve a estar presente en las fiestas de Larreaundi &#8211; GMTF","isPartOf":{"@id":"https:\/\/gipuzkoamt.com\/es\/#website"},"primaryImageOfPage":{"@id":"https:\/\/gipuzkoamt.com\/es\/el-tenis-de-mesa-vuelve-a-estar-presente-en-las-fiestas-de-larreaundi\/#primaryimage"},"image":{"@id":"https:\/\/gipuzkoamt.com\/es\/el-tenis-de-mesa-vuelve-a-estar-presente-en-las-fiestas-de-larreaundi\/#primaryimage"},"thumbnailUrl":"https:\/\/gipuzkoamt.com\/es\/wp-content\/uploads\/2026\/05\/PHOTO-2026-05-01-20-33-34.jpg","datePublished":"2026-05-03T09:55:07+00:00","breadcrumb":{"@id":"https:\/\/gipuzkoamt.com\/es\/el-tenis-de-mesa-vuelve-a-estar-presente-en-las-fiestas-de-larreaundi\/#breadcrumb"},"inLanguage":"es","potentialAction":[{"@type":"ReadAction","target":["https:\/\/gipuzkoamt.com\/es\/el-tenis-de-mesa-vuelve-a-estar-presente-en-las-fiestas-de-larreaundi\/"]}]},{"@type":"ImageObject","inLanguage":"es","@id":"https:\/\/gipuzkoamt.com\/es\/el-tenis-de-mesa-vuelve-a-estar-presente-en-las-fiestas-de-larreaundi\/#primaryimage","url":"https:\/\/gipuzkoamt.com\/es\/wp-content\/uploads\/2026\/05\/PHOTO-2026-05-01-20-33-34.jpg","contentUrl":"https:\/\/gipuzkoamt.com\/es\/wp-content\/uploads\/2026\/05\/PHOTO-2026-05-01-20-33-34.jpg","width":1600,"height":1036},{"@type":"BreadcrumbList","@id":"https:\/\/gipuzkoamt.com\/es\/el-tenis-de-mesa-vuelve-a-estar-presente-en-las-fiestas-de-larreaundi\/#breadcrumb","itemListElement":[{"@type":"ListItem","position":1,"name":"Home","item":"https:\/\/gipuzkoamt.com\/es\/"},{"@type":"ListItem","position":2,"name":"El tenis de mesa vuelve a estar presente en las fiestas de Larreaundi"}]},{"@type":"WebSite","@id":"https:\/\/gipuzkoamt.com\/es\/#website","url":"https:\/\/gipuzkoamt.com\/es\/","name":"GMTF","description":"Gipuzkoako Mahai Tenis Federazioa","publisher":{"@id":"https:\/\/gipuzkoamt.com\/es\/#organization"},"potentialAction":[{"@type":"SearchAction","target":{"@type":"EntryPoint","urlTemplate":"https:\/\/gipuzkoamt.com\/es\/?s={search_term_string}"},"query-input":{"@type":"PropertyValueSpecification","valueRequired":true,"valueName":"search_term_string"}}],"inLanguage":"es"},{"@type":"Organization","@id":"https:\/\/gipuzkoamt.com\/es\/#organization","name":"Federaci\u00f3n Guipuzcoana de Tenis de Mesa","url":"https:\/\/gipuzkoamt.com\/es\/","logo":{"@type":"ImageObject","inLanguage":"es","@id":"https:\/\/gipuzkoamt.com\/es\/#\/schema\/logo\/image\/","url":"https:\/\/gipuzkoamt.com\/es\/wp-content\/uploads\/2024\/12\/Favicon.png","contentUrl":"https:\/\/gipuzkoamt.com\/es\/wp-content\/uploads\/2024\/12\/Favicon.png","width":250,"height":250,"caption":"Federaci\u00f3n Guipuzcoana de Tenis de Mesa"},"image":{"@id":"https:\/\/gipuzkoamt.com\/es\/#\/schema\/logo\/image\/"}},{"@type":"Person","@id":"https:\/\/gipuzkoamt.com\/es\/#\/schema\/person\/4981fb0092f29c6e6d67415533a5efb5","name":"GMTF","image":{"@type":"ImageObject","inLanguage":"es","@id":"https:\/\/secure.gravatar.com\/avatar\/fd45090163cfe4bdd821a95f5a980d9ecce258ad443f04f547b3ec95c4dfb9ab?s=96&d=mm&r=g","url":"https:\/\/secure.gravatar.com\/avatar\/fd45090163cfe4bdd821a95f5a980d9ecce258ad443f04f547b3ec95c4dfb9ab?s=96&d=mm&r=g","contentUrl":"https:\/\/secure.gravatar.com\/avatar\/fd45090163cfe4bdd821a95f5a980d9ecce258ad443f04f547b3ec95c4dfb9ab?s=96&d=mm&r=g","caption":"GMTF"},"url":"https:\/\/gipuzkoamt.com\/es\/author\/fgtm\/"}]}},"_links":{"self":[{"href":"https:\/\/gipuzkoamt.com\/es\/wp-json\/wp\/v2\/posts\/1210","targetHints":{"allow":["GET"]}}],"collection":[{"href":"https:\/\/gipuzkoamt.com\/es\/wp-json\/wp\/v2\/posts"}],"about":[{"href":"https:\/\/gipuzkoamt.com\/es\/wp-json\/wp\/v2\/types\/post"}],"author":[{"embeddable":true,"href":"https:\/\/gipuzkoamt.com\/es\/wp-json\/wp\/v2\/users\/2"}],"replies":[{"embeddable":true,"href":"https:\/\/gipuzkoamt.com\/es\/wp-json\/wp\/v2\/comments?post=1210"}],"version-history":[{"count":1,"href":"https:\/\/gipuzkoamt.com\/es\/wp-json\/wp\/v2\/posts\/1210\/revisions"}],"predecessor-version":[{"id":1212,"href":"https:\/\/gipuzkoamt.com\/es\/wp-json\/wp\/v2\/posts\/1210\/revisions\/1212"}],"wp:featuredmedia":[{"embeddable":true,"href":"https:\/\/gipuzkoamt.com\/es\/wp-json\/wp\/v2\/media\/1211"}],"wp:attachment":[{"href":"https:\/\/gipuzkoamt.com\/es\/wp-json\/wp\/v2\/media?parent=1210"}],"wp:term":[{"taxonomy":"category","embeddable":true,"href":"https:\/\/gipuzkoamt.com\/es\/wp-json\/wp\/v2\/categories?post=1210"},{"taxonomy":"post_tag","embeddable":true,"href":"https:\/\/gipuzkoamt.com\/es\/wp-json\/wp\/v2\/tags?post=1210"}],"curies":[{"name":"wp","href":"https:\/\/api.w.org\/{rel}","templated":true}]}}